{"id":105,"date":"2015-06-01T09:12:53","date_gmt":"2015-06-01T07:12:53","guid":{"rendered":"http:\/\/m-19.org\/blog\/?p=105"},"modified":"2015-06-01T13:30:49","modified_gmt":"2015-06-01T11:30:49","slug":"desenhebrar-el-olvidorompiendo-el-cerco-del-olvido","status":"publish","type":"post","link":"http:\/\/m-19.org\/blog\/desenhebrar-el-olvidorompiendo-el-cerco-del-olvido\/","title":{"rendered":"ROMPIENDO EL CERCO DEL OLVIDO"},"content":{"rendered":"<p class=\"western\" lang=\"es-CO\" align=\"center\"><span style=\"font-family: DejaVu Sans,sans-serif;\"><span style=\"font-size: large;\">II ENCUENTRO DE MEMORIAS Y AFECTOS<\/span><\/span><\/p>\n<p class=\"western\" lang=\"es-CO\" align=\"center\"><span style=\"font-family: DejaVu Sans,sans-serif;\">Paris 2 de Mayo 2015<\/span><\/p>\n<p class=\"western\" lang=\"es-CO\" align=\"center\"><span style=\"font-family: DejaVu Sans,sans-serif;\"><span style=\"font-size: x-large;\"><b>ROMPIENDO EL CERCO DEL OLVIDO<\/b><\/span><\/span><\/p>\n<p class=\"western\" lang=\"es-CO\" align=\"justify\"><span style=\"font-family: DejaVu Sans,sans-serif;\"><span lang=\"es-CO\">Hace 25 a\u00f1os, los guerrilleros del M19 dejaron definitivamente sus armas y bajaron de las monta\u00f1as. Ese 9 de marzo de 1990, arranc\u00f3 una nueva etapa para el grupo guerrillero: la conquista de la paz en la escena pol\u00edtica.<\/span><\/span><\/p>\n<p class=\"western\" lang=\"es-CO\" align=\"justify\"><span style=\"font-family: DejaVu Sans,sans-serif;\">Dos meses despu\u00e9s su comandante, Carlos Pizarro, fue asesinado en el avi\u00f3n que lo llevaba al primer acto de su campa\u00f1a presidencial.<\/span><\/p>\n<p class=\"western\" lang=\"es-CO\" align=\"justify\"><span style=\"font-family: DejaVu Sans,sans-serif;\">Desde entonces, han pasado veinticinco abriles y hoy la paz vuelve y juega. Despu\u00e9s de muchas frustraciones, de mucho dolor y demasiados muertos, la esperanza se abre de nuevo camino.<\/span><\/p>\n<p class=\"western\" lang=\"es-CO\" align=\"justify\"><span style=\"font-family: DejaVu Sans,sans-serif;\"><span lang=\"es-CO\">Queremos recordar que esa paz que se busca en La Habana es la paz que se firm\u00f3 en Santo Domingo 40 d\u00edas antes de matar a Pizarro, es la del intento ensangrentado de la UP, la de los acuerdos de Hobo y Corinto calcinados en el Palacio de Justicia, es tambi\u00e9n la paz acordada con los guerrilleros del Llano y burlada con el asesinato de Guadalupe Salcedo, es la <\/span><\/span><span style=\"font-family: DejaVu Sans,sans-serif;\"><span lang=\"es-CO\">Oraci\u00f3n por la Paz<\/span><\/span> <span style=\"font-family: DejaVu Sans,sans-serif;\"><span lang=\"es-CO\">de Gaitan acallada con violencia.<\/span><\/span><\/p>\n<p class=\"western\" lang=\"es-CO\" align=\"justify\"><span style=\"font-family: DejaVu Sans,sans-serif;\">Colombia: un pa\u00eds con mil y una guerras y m\u00faltiples intentos de paz. El M-19: precursor en la gesta por la paz. Nosotros: testimonio de una de las ultimas batallas por encontrar la anhelada paz.<\/span><\/p>\n<p class=\"western\" lang=\"es-CO\"><span style=\"font-family: DejaVu Sans,sans-serif;\">Que vengan de todos los rincones a contar lo que vivieron para que nunca mueran los que ya no est\u00e1n y sobrevivan en la memoria de los vivos, sus gestos, sus voces y la ternura de sus ojos.<\/span><\/p>\n<p class=\"western\" lang=\"es-CO\"><span style=\"font-family: DejaVu Sans,sans-serif;\">Los invitamos a que entre todos rompamos el cerco del olvido.<\/span><\/p>\n<p class=\"western\" lang=\"es-CO\"><a href=\"http:\/\/m-19.org\/blog\/wp-content\/uploads\/2014\/09\/HilvanandoLaMemoria-mini.jpg\"><img decoding=\"async\" loading=\"lazy\" class=\" wp-image-48 alignleft\" src=\"http:\/\/m-19.org\/blog\/wp-content\/uploads\/2014\/09\/HilvanandoLaMemoria-mini.jpg\" alt=\"Hilvanando la memoria\" width=\"245\" height=\"101\" \/><\/a><a href=\"http:\/\/m-19.org\/blog\/wp-content\/uploads\/2015\/02\/OH.jpg\"><img decoding=\"async\" loading=\"lazy\" class=\"  wp-image-83 aligncenter\" src=\"http:\/\/m-19.org\/blog\/wp-content\/uploads\/2015\/02\/OH-300x51.jpg\" alt=\"OH\" width=\"371\" height=\"63\" srcset=\"http:\/\/m-19.org\/blog\/wp-content\/uploads\/2015\/02\/OH-300x51.jpg 300w, http:\/\/m-19.org\/blog\/wp-content\/uploads\/2015\/02\/OH-624x105.jpg 624w, http:\/\/m-19.org\/blog\/wp-content\/uploads\/2015\/02\/OH.jpg 800w\" sizes=\"(max-width: 371px) 100vw, 371px\" \/><\/a><\/p>\n<p class=\"western\" lang=\"es-CO\" style=\"text-align: center;\"><a href=\"http:\/\/m-19.org\/blog\/wp-content\/uploads\/2015\/02\/CD.png\"><img decoding=\"async\" loading=\"lazy\" class=\"wp-image-82 aligncenter\" src=\"http:\/\/m-19.org\/blog\/wp-content\/uploads\/2015\/02\/CD.png\" alt=\"Centro de Documentaci\u00f3n y Cultura para la Paz\" width=\"83\" height=\"90\" \/><\/a><strong>\u00a0\u00a0 Centro de Documentaci\u00f3n y Cultura para la Paz<\/strong><\/p>\n","protected":false},"excerpt":{"rendered":"<p>II ENCUENTRO DE MEMORIAS Y AFECTOS Paris 2 de Mayo 2015 ROMPIENDO EL CERCO DEL OLVIDO Hace 25 a\u00f1os, los guerrilleros del M19 dejaron definitivamente sus armas y bajaron de las monta\u00f1as. Ese 9 de marzo de 1990, arranc\u00f3 una nueva etapa para el grupo guerrillero: la conquista de la paz en la escena pol\u00edtica. [&hellip;]<\/p>\n","protected":false},"author":1,"featured_media":0,"comment_status":"closed","ping_status":"closed","sticky":false,"template":"","format":"standard","meta":[],"categories":[4,9],"tags":[],"_links":{"self":[{"href":"http:\/\/m-19.org\/blog\/wp-json\/wp\/v2\/posts\/105"}],"collection":[{"href":"http:\/\/m-19.org\/blog\/wp-json\/wp\/v2\/posts"}],"about":[{"href":"http:\/\/m-19.org\/blog\/wp-json\/wp\/v2\/types\/post"}],"author":[{"embeddable":true,"href":"http:\/\/m-19.org\/blog\/wp-json\/wp\/v2\/users\/1"}],"replies":[{"embeddable":true,"href":"http:\/\/m-19.org\/blog\/wp-json\/wp\/v2\/comments?post=105"}],"version-history":[{"count":2,"href":"http:\/\/m-19.org\/blog\/wp-json\/wp\/v2\/posts\/105\/revisions"}],"predecessor-version":[{"id":212,"href":"http:\/\/m-19.org\/blog\/wp-json\/wp\/v2\/posts\/105\/revisions\/212"}],"wp:attachment":[{"href":"http:\/\/m-19.org\/blog\/wp-json\/wp\/v2\/media?parent=105"}],"wp:term":[{"taxonomy":"category","embeddable":true,"href":"http:\/\/m-19.org\/blog\/wp-json\/wp\/v2\/categories?post=105"},{"taxonomy":"post_tag","embeddable":true,"href":"http:\/\/m-19.org\/blog\/wp-json\/wp\/v2\/tags?post=105"}],"curies":[{"name":"wp","href":"https:\/\/api.w.org\/{rel}","templated":true}]}}