{"id":1900,"date":"2019-10-15T18:16:11","date_gmt":"2019-10-15T16:16:11","guid":{"rendered":"http:\/\/m-19.org\/blog\/?p=1900"},"modified":"2021-04-16T10:06:12","modified_gmt":"2021-04-16T08:06:12","slug":"maritza-la-fugitiva","status":"publish","type":"post","link":"http:\/\/m-19.org\/blog\/maritza-la-fugitiva\/","title":{"rendered":"Maritza la Fugitiva"},"content":{"rendered":"<div><a href=\"http:\/\/m-19.org\/blog\/wp-content\/uploads\/2021\/04\/Flayer-Maritza-la-fugitiva.jpg\"><img decoding=\"async\" loading=\"lazy\" class=\"size-medium wp-image-1902 alignright\" src=\"http:\/\/m-19.org\/blog\/wp-content\/uploads\/2021\/04\/Flayer-Maritza-la-fugitiva-300x181.jpg\" alt=\"\" width=\"300\" height=\"181\" srcset=\"http:\/\/m-19.org\/blog\/wp-content\/uploads\/2021\/04\/Flayer-Maritza-la-fugitiva-300x181.jpg 300w, http:\/\/m-19.org\/blog\/wp-content\/uploads\/2021\/04\/Flayer-Maritza-la-fugitiva-768x464.jpg 768w, http:\/\/m-19.org\/blog\/wp-content\/uploads\/2021\/04\/Flayer-Maritza-la-fugitiva-624x377.jpg 624w, http:\/\/m-19.org\/blog\/wp-content\/uploads\/2021\/04\/Flayer-Maritza-la-fugitiva.jpg 843w\" sizes=\"(max-width: 300px) 100vw, 300px\" \/><\/a><span style=\"font-family: georgia, serif;\"><i>A trav\u00e9s de una pareja, Maritza y Federico,\u00a0 y de un movimiento guerrillero: el M-19, Jorge Eli\u00e9cer Pardo recrea el at\u00e1vico infortunio de un pa\u00eds que hereda su fracaso.\u00a0Una historia de amor en la guerra y un cuidadoso trabajo de memoria hist\u00f3rica.\u00a0<\/i><\/span><\/div>\n<div><\/div>\n<div>El lunes 7 de octubre de 2019, <strong>Hilvanando la Memoria<\/strong> organiz\u00f3 el lanzamiento en Paris del libro<strong> de Jorge Eliecer Pardo, <em>Maritza la Fugitiva<\/em><\/strong>, Premio Internacional de novela Jos\u00e9 Eustasio Rivera, 2018.<\/div>\n<div><\/div>\n<div><\/div>\n<div style=\"text-align: center;\"><em><strong>Un recorrido por los laberintos y callejones sin salida de una Colombia<br \/>\nque desped\u00eda el siglo XX como lo hab\u00eda inaugurado:<br \/>\ncon tambores de guerra.<\/strong><\/em><\/div>\n<div><\/div>\n<div>Connversatorio animado por <strong>Ang\u00e9lica P\u00e9rez<\/strong>, periodista<\/div>\n<div><\/div>\n<div><strong>Jorge Eli\u00e9cer Pardo<\/strong>, autor del libro<br \/>\n<strong>Ligia V\u00e1squez<\/strong>, ex combatiente del Movimiento guerrillero M-19<br \/>\n<strong>Nohra Parra<\/strong>, periodista<\/div>\n<div><\/div>\n<div>Con la participaci\u00f3n de :<\/div>\n<div><\/div>\n<div><strong>Michel Wiviorka<\/strong>, Presidente de la Fundaci\u00f3n Maison des sciences de l\u2019homme<br \/>\n<strong>Rodrigo Restrepo<\/strong>, de la Asociaci\u00f3n Hilvanando la Memoria<\/div>\n<div><\/div>\n<div style=\"position: relative; padding-bottom: 56.25%; padding-top: 10px; height: 0; overflow: hidden;\"><iframe loading=\"lazy\" style=\"position: absolute; top: 0; left: 0; width: 100%; height: 100%;\" src=\"https:\/\/www.canal-u.tv\/video\/fmsh\/embed.1\/presentation_a_paris_de_maritza_la_fugitiva_roman_de_jorge_eliecer_pardo.60421?width=100%&amp;height=100%\" width=\"550\" height=\"306\" frameborder=\"0\" scrolling=\"no\" allowfullscreen=\"allowfullscreen\"><\/iframe><\/div>\n","protected":false},"excerpt":{"rendered":"<p>A trav\u00e9s de una pareja, Maritza y Federico,\u00a0 y de un movimiento guerrillero: el M-19, Jorge Eli\u00e9cer Pardo recrea el at\u00e1vico infortunio de un pa\u00eds que hereda su fracaso.\u00a0Una historia de amor en la guerra y un cuidadoso trabajo de memoria hist\u00f3rica.\u00a0 El lunes 7 de octubre de 2019, Hilvanando la Memoria organiz\u00f3 el lanzamiento [&hellip;]<\/p>\n","protected":false},"author":1,"featured_media":0,"comment_status":"closed","ping_status":"closed","sticky":false,"template":"","format":"standard","meta":[],"categories":[4,11,9],"tags":[],"_links":{"self":[{"href":"http:\/\/m-19.org\/blog\/wp-json\/wp\/v2\/posts\/1900"}],"collection":[{"href":"http:\/\/m-19.org\/blog\/wp-json\/wp\/v2\/posts"}],"about":[{"href":"http:\/\/m-19.org\/blog\/wp-json\/wp\/v2\/types\/post"}],"author":[{"embeddable":true,"href":"http:\/\/m-19.org\/blog\/wp-json\/wp\/v2\/users\/1"}],"replies":[{"embeddable":true,"href":"http:\/\/m-19.org\/blog\/wp-json\/wp\/v2\/comments?post=1900"}],"version-history":[{"count":7,"href":"http:\/\/m-19.org\/blog\/wp-json\/wp\/v2\/posts\/1900\/revisions"}],"predecessor-version":[{"id":1909,"href":"http:\/\/m-19.org\/blog\/wp-json\/wp\/v2\/posts\/1900\/revisions\/1909"}],"wp:attachment":[{"href":"http:\/\/m-19.org\/blog\/wp-json\/wp\/v2\/media?parent=1900"}],"wp:term":[{"taxonomy":"category","embeddable":true,"href":"http:\/\/m-19.org\/blog\/wp-json\/wp\/v2\/categories?post=1900"},{"taxonomy":"post_tag","embeddable":true,"href":"http:\/\/m-19.org\/blog\/wp-json\/wp\/v2\/tags?post=1900"}],"curies":[{"name":"wp","href":"https:\/\/api.w.org\/{rel}","templated":true}]}}