{"id":261,"date":"2015-06-12T21:48:14","date_gmt":"2015-06-12T19:48:14","guid":{"rendered":"http:\/\/m-19.org\/blog\/?p=261"},"modified":"2015-06-12T21:48:14","modified_gmt":"2015-06-12T19:48:14","slug":"la-espada-entre-meretrices-y-poetas","status":"publish","type":"post","link":"http:\/\/m-19.org\/blog\/la-espada-entre-meretrices-y-poetas\/","title":{"rendered":"La espada, entre meretrices y poetas"},"content":{"rendered":"<p>El robo de la espada de Bol\u00edvar, como muchas de las acciones simp\u00e1ticas del M-19, est\u00e1n repletas de an\u00e9cdotas. Cuenta Yamel Ria\u00f1o que el operativo estaba planeado junto a otra acci\u00f3n que qued\u00f3 ensombrecida por la de la espada. Los dos operativos se plani\ufb01caron para el mismo d\u00eda y como no hab\u00eda su\ufb01cientes armas hubo que hacer cola y esperar hasta que llegaran los compa\u00f1eros de la primera acci\u00f3n para, con ese mismo precario armamento, salir corriendo a recuperar la espada. Ra\u00falito contaba tambi\u00e9n que hubo un primer intento fallido pues al atravesar en la noche el Parque Nacional rumbo a la Quinta de Bol\u00edvar un compa\u00f1ero se<br \/>\ncay\u00f3 en un hueco y se le dispar\u00f3 el arma. Por fortuna, sali\u00f3 ileso y lograron huir. Pero la acci\u00f3n se tuvo que aplazar. Y cuenta Argemiro que desde que fue sacada de la Quinta del Libertador, la espada de Bol\u00edvar dio muchas vueltas, anduvo en muchas casas y en las manos de gente \u201dimportante\u201d.<\/p>\n<!--[if lt IE 9]><script>document.createElement('audio');<\/script><![endif]-->\n<audio class=\"wp-audio-shortcode\" id=\"audio-261-1\" preload=\"none\" style=\"width: 100%;\" controls=\"controls\"><source type=\"audio\/mpeg\" src=\"http:\/\/m-19.org\/blog\/wp-content\/uploads\/2015\/06\/Rep-La-espada-entre-meretrices-y-poetas.mp3?_=1\" \/><a href=\"http:\/\/m-19.org\/blog\/wp-content\/uploads\/2015\/06\/Rep-La-espada-entre-meretrices-y-poetas.mp3\">http:\/\/m-19.org\/blog\/wp-content\/uploads\/2015\/06\/Rep-La-espada-entre-meretrices-y-poetas.mp3<\/a><\/audio>\n","protected":false},"excerpt":{"rendered":"<p>El robo de la espada de Bol\u00edvar, como muchas de las acciones simp\u00e1ticas del M-19, est\u00e1n repletas de an\u00e9cdotas. Cuenta Yamel Ria\u00f1o que el operativo estaba planeado junto a otra acci\u00f3n que qued\u00f3 ensombrecida por la de la espada. Los dos operativos se plani\ufb01caron para el mismo d\u00eda y como no hab\u00eda su\ufb01cientes armas hubo [&hellip;]<\/p>\n","protected":false},"author":1,"featured_media":0,"comment_status":"closed","ping_status":"closed","sticky":false,"template":"","format":"standard","meta":[],"categories":[12],"tags":[],"_links":{"self":[{"href":"http:\/\/m-19.org\/blog\/wp-json\/wp\/v2\/posts\/261"}],"collection":[{"href":"http:\/\/m-19.org\/blog\/wp-json\/wp\/v2\/posts"}],"about":[{"href":"http:\/\/m-19.org\/blog\/wp-json\/wp\/v2\/types\/post"}],"author":[{"embeddable":true,"href":"http:\/\/m-19.org\/blog\/wp-json\/wp\/v2\/users\/1"}],"replies":[{"embeddable":true,"href":"http:\/\/m-19.org\/blog\/wp-json\/wp\/v2\/comments?post=261"}],"version-history":[{"count":2,"href":"http:\/\/m-19.org\/blog\/wp-json\/wp\/v2\/posts\/261\/revisions"}],"predecessor-version":[{"id":295,"href":"http:\/\/m-19.org\/blog\/wp-json\/wp\/v2\/posts\/261\/revisions\/295"}],"wp:attachment":[{"href":"http:\/\/m-19.org\/blog\/wp-json\/wp\/v2\/media?parent=261"}],"wp:term":[{"taxonomy":"category","embeddable":true,"href":"http:\/\/m-19.org\/blog\/wp-json\/wp\/v2\/categories?post=261"},{"taxonomy":"post_tag","embeddable":true,"href":"http:\/\/m-19.org\/blog\/wp-json\/wp\/v2\/tags?post=261"}],"curies":[{"name":"wp","href":"https:\/\/api.w.org\/{rel}","templated":true}]}}