{"id":273,"date":"2015-06-11T21:28:41","date_gmt":"2015-06-11T19:28:41","guid":{"rendered":"http:\/\/m-19.org\/blog\/?p=273"},"modified":"2015-06-11T21:28:41","modified_gmt":"2015-06-11T19:28:41","slug":"choco-y-narino-una-gesta-aciaga","status":"publish","type":"post","link":"http:\/\/m-19.org\/blog\/choco-y-narino-una-gesta-aciaga\/","title":{"rendered":"Choc\u00f3 y Nari\u00f1o: una gesta aciaga"},"content":{"rendered":"<p style=\"text-align: justify;\">En Cuba, los guerrilleros del M-19 participaron durante tres meses en una escuela de formaci\u00f3n militar. A comienzos de 1981, dos grupos salieron de la isla rumbo a Colombia. El primero con destino al departamento del Choc\u00f3 donde el ej\u00e9rcito aplic\u00f3 con ellos la pol\u00edtica de \u00ab\u00a0tierra arrasada\u00a0\u00bb. Apenas unos pocos, dos o tres, lograron sobrevivir a la mas cruel de las matanzas.<br \/>\nEl segundo grupo desembarc\u00f3 en marzo de 1981 en la Costa Paci\ufb01ca para dar inicio a la \u00ab\u00a0Operaci\u00f3n Antonio Nari\u00f1o\u00a0\u00bb. Este es el relato de Maria Eugenia, quien hac\u00eda parte de los 80 guerrilleros que hicieron parte de esta epopeya dolorosa.<\/p>\n<!--[if lt IE 9]><script>document.createElement('audio');<\/script><![endif]-->\n<audio class=\"wp-audio-shortcode\" id=\"audio-273-1\" preload=\"none\" style=\"width: 100%;\" controls=\"controls\"><source type=\"audio\/mpeg\" src=\"http:\/\/m-19.org\/blog\/wp-content\/uploads\/2015\/06\/REP-Choco-y-Narino-una-gesta-aciaga.mp3?_=1\" \/><a href=\"http:\/\/m-19.org\/blog\/wp-content\/uploads\/2015\/06\/REP-Choco-y-Narino-una-gesta-aciaga.mp3\">http:\/\/m-19.org\/blog\/wp-content\/uploads\/2015\/06\/REP-Choco-y-Narino-una-gesta-aciaga.mp3<\/a><\/audio>\n","protected":false},"excerpt":{"rendered":"<p>En Cuba, los guerrilleros del M-19 participaron durante tres meses en una escuela de formaci\u00f3n militar. A comienzos de 1981, dos grupos salieron de la isla rumbo a Colombia. El primero con destino al departamento del Choc\u00f3 donde el ej\u00e9rcito aplic\u00f3 con ellos la pol\u00edtica de \u00ab\u00a0tierra arrasada\u00a0\u00bb. Apenas unos pocos, dos o tres, lograron [&hellip;]<\/p>\n","protected":false},"author":1,"featured_media":0,"comment_status":"closed","ping_status":"closed","sticky":false,"template":"","format":"standard","meta":[],"categories":[12],"tags":[],"_links":{"self":[{"href":"http:\/\/m-19.org\/blog\/wp-json\/wp\/v2\/posts\/273"}],"collection":[{"href":"http:\/\/m-19.org\/blog\/wp-json\/wp\/v2\/posts"}],"about":[{"href":"http:\/\/m-19.org\/blog\/wp-json\/wp\/v2\/types\/post"}],"author":[{"embeddable":true,"href":"http:\/\/m-19.org\/blog\/wp-json\/wp\/v2\/users\/1"}],"replies":[{"embeddable":true,"href":"http:\/\/m-19.org\/blog\/wp-json\/wp\/v2\/comments?post=273"}],"version-history":[{"count":3,"href":"http:\/\/m-19.org\/blog\/wp-json\/wp\/v2\/posts\/273\/revisions"}],"predecessor-version":[{"id":276,"href":"http:\/\/m-19.org\/blog\/wp-json\/wp\/v2\/posts\/273\/revisions\/276"}],"wp:attachment":[{"href":"http:\/\/m-19.org\/blog\/wp-json\/wp\/v2\/media?parent=273"}],"wp:term":[{"taxonomy":"category","embeddable":true,"href":"http:\/\/m-19.org\/blog\/wp-json\/wp\/v2\/categories?post=273"},{"taxonomy":"post_tag","embeddable":true,"href":"http:\/\/m-19.org\/blog\/wp-json\/wp\/v2\/tags?post=273"}],"curies":[{"name":"wp","href":"https:\/\/api.w.org\/{rel}","templated":true}]}}