{"id":277,"date":"2015-06-11T21:46:04","date_gmt":"2015-06-11T19:46:04","guid":{"rendered":"http:\/\/m-19.org\/blog\/?p=277"},"modified":"2015-06-11T21:46:04","modified_gmt":"2015-06-11T19:46:04","slug":"nachito-nacho-cuenta-el-cuento","status":"publish","type":"post","link":"http:\/\/m-19.org\/blog\/nachito-nacho-cuenta-el-cuento\/","title":{"rendered":"\u201cNachito, Nacho cuenta el cuento\u201d"},"content":{"rendered":"<p style=\"text-align: justify;\">El Flaco Bateman describ\u00eda al cuatrenio de Turbay como \u00ab uno de los gobiernos mas reaccionarios, mas militarista, mas torturador, mas asesino de la historia de Colombia \u00bb. Ese Gobierno lleg\u00f3 a su \ufb01n con las elecciones de 1982 en las que los candidatos eran Alfonso L\u00f3pez por el Partido Liberal y Belisario Betancourt por el Conservador. El 30 de mayo de ese a\u00f1o los colombianos eligieron a Belisario quien lleg\u00f3 al poder montado en el caballo de la paz ofrecida a los alzados en armas. Dos d\u00edas antes de esos comicios, un comando de j\u00f3venes del M-19 hab\u00eda intentado sabotear las comunicaciones durante el proceso electoral. El operativo fall\u00f3. La paz tambi\u00e9n. Y \u00ab Nacho \u00bb qued\u00f3 vivo para contarlo.<\/p>\n<!--[if lt IE 9]><script>document.createElement('audio');<\/script><![endif]-->\n<audio class=\"wp-audio-shortcode\" id=\"audio-277-1\" preload=\"none\" style=\"width: 100%;\" controls=\"controls\"><source type=\"audio\/mpeg\" src=\"http:\/\/m-19.org\/blog\/wp-content\/uploads\/2015\/06\/REP-Nachito-Nacho-cuenta-el-cuento.mp3?_=1\" \/><a href=\"http:\/\/m-19.org\/blog\/wp-content\/uploads\/2015\/06\/REP-Nachito-Nacho-cuenta-el-cuento.mp3\">http:\/\/m-19.org\/blog\/wp-content\/uploads\/2015\/06\/REP-Nachito-Nacho-cuenta-el-cuento.mp3<\/a><\/audio>\n","protected":false},"excerpt":{"rendered":"<p>El Flaco Bateman describ\u00eda al cuatrenio de Turbay como \u00ab uno de los gobiernos mas reaccionarios, mas militarista, mas torturador, mas asesino de la historia de Colombia \u00bb. Ese Gobierno lleg\u00f3 a su \ufb01n con las elecciones de 1982 en las que los candidatos eran Alfonso L\u00f3pez por el Partido Liberal y Belisario Betancourt por [&hellip;]<\/p>\n","protected":false},"author":1,"featured_media":0,"comment_status":"closed","ping_status":"closed","sticky":false,"template":"","format":"standard","meta":[],"categories":[12],"tags":[],"_links":{"self":[{"href":"http:\/\/m-19.org\/blog\/wp-json\/wp\/v2\/posts\/277"}],"collection":[{"href":"http:\/\/m-19.org\/blog\/wp-json\/wp\/v2\/posts"}],"about":[{"href":"http:\/\/m-19.org\/blog\/wp-json\/wp\/v2\/types\/post"}],"author":[{"embeddable":true,"href":"http:\/\/m-19.org\/blog\/wp-json\/wp\/v2\/users\/1"}],"replies":[{"embeddable":true,"href":"http:\/\/m-19.org\/blog\/wp-json\/wp\/v2\/comments?post=277"}],"version-history":[{"count":1,"href":"http:\/\/m-19.org\/blog\/wp-json\/wp\/v2\/posts\/277\/revisions"}],"predecessor-version":[{"id":282,"href":"http:\/\/m-19.org\/blog\/wp-json\/wp\/v2\/posts\/277\/revisions\/282"}],"wp:attachment":[{"href":"http:\/\/m-19.org\/blog\/wp-json\/wp\/v2\/media?parent=277"}],"wp:term":[{"taxonomy":"category","embeddable":true,"href":"http:\/\/m-19.org\/blog\/wp-json\/wp\/v2\/categories?post=277"},{"taxonomy":"post_tag","embeddable":true,"href":"http:\/\/m-19.org\/blog\/wp-json\/wp\/v2\/tags?post=277"}],"curies":[{"name":"wp","href":"https:\/\/api.w.org\/{rel}","templated":true}]}}