{"id":4,"date":"2013-05-09T05:09:25","date_gmt":"2013-05-09T03:09:25","guid":{"rendered":"http:\/\/m-19.org\/blog\/?p=4"},"modified":"2015-06-01T10:12:48","modified_gmt":"2015-06-01T08:12:48","slug":"parte-de-paz-n-1-asalto-del-bullerengue","status":"publish","type":"post","link":"http:\/\/m-19.org\/blog\/parte-de-paz-n-1-asalto-del-bullerengue\/","title":{"rendered":"Parte de PAZ N\u00b0 1 &#8211; Asalto del bullerengue"},"content":{"rendered":"<p>Un grupo de padres, hijos y nietos, afines al movimiento 19 de abril M-19, perpetr\u00f3 el pasado 27 y 28 de abril, en las instalaciones de una escuela a las afueras de Par\u00eds, el \u201casalto del bullerengue\u201d.<\/p>\n<p><a href=\"http:\/\/m-19.org\/blog\/parte-de-paz-n-1-asalto-del-bullerengue\/00z\/\" rel=\"attachment wp-att-8\"><img decoding=\"async\" loading=\"lazy\" class=\"alignnone  wp-image-8\" alt=\"Exposicion\" src=\"http:\/\/m-19.org\/blog\/wp-content\/uploads\/2013\/05\/00z-300x199.jpg\" width=\"140\" height=\"93\" srcset=\"http:\/\/m-19.org\/blog\/wp-content\/uploads\/2013\/05\/00z-300x199.jpg 300w, http:\/\/m-19.org\/blog\/wp-content\/uploads\/2013\/05\/00z.jpg 512w\" sizes=\"(max-width: 140px) 100vw, 140px\" \/><\/a><a href=\"http:\/\/m-19.org\/blog\/parte-de-paz-n-1-asalto-del-bullerengue\/01z\/\" rel=\"attachment wp-att-7\"><img decoding=\"async\" loading=\"lazy\" class=\"alignnone  wp-image-7\" alt=\"Exposicion\" src=\"http:\/\/m-19.org\/blog\/wp-content\/uploads\/2013\/05\/01z.jpg\" width=\"163\" height=\"94\" \/><\/a><a href=\"http:\/\/m-19.org\/blog\/parte-de-paz-n-1-asalto-del-bullerengue\/02z\/\" rel=\"attachment wp-att-6\"><img decoding=\"async\" loading=\"lazy\" class=\"alignnone  wp-image-6\" alt=\"Exposicion\" src=\"http:\/\/m-19.org\/blog\/wp-content\/uploads\/2013\/05\/02z.jpg\" width=\"155\" height=\"93\" \/><\/a><a href=\"http:\/\/m-19.org\/blog\/parte-de-paz-n-1-asalto-del-bullerengue\/03z\/\" rel=\"attachment wp-att-5\"><img decoding=\"async\" loading=\"lazy\" class=\"alignnone  wp-image-5\" alt=\"Exposicion\" src=\"http:\/\/m-19.org\/blog\/wp-content\/uploads\/2013\/05\/03z.jpg\" width=\"150\" height=\"94\" \/><\/a><\/p>\n<p>Llegaron cargados de videos, grabaciones, fotografias, recortes de peri\u00f3dicos viejos, pancartas, banderas, bombas de colores y otros vestigios de un pasado compartido. Instalaron su tinglado de recuerdos y, durante esos dos d\u00edas, se dieron a la tarea de hilvanar la memoria y lanzar r\u00e1fagas de afecto.<\/p>\n<p>Durante las primeras horas del asalto, el grupo rindi\u00f3 un homenaje a Jaime Bateman, el Flaco, el hombre que los sedujo con una revoluci\u00f3n a la colombiana. Y como parte de ese homenaje, el comando encargado del rancho sirvi\u00f3 al mediod\u00eda una gacha con sancocho nacional.<\/p>\n<p><a href=\"http:\/\/m-19.org\/blog\/parte-de-paz-n-1-asalto-del-bullerengue\/sancocho-nacional-m-2\/\" rel=\"attachment wp-att-11\"><img decoding=\"async\" loading=\"lazy\" class=\"size-medium wp-image-11 alignleft\" alt=\"Sancocho nacional-m\" src=\"http:\/\/m-19.org\/blog\/wp-content\/uploads\/2013\/05\/Sancocho-nacional-m1-300x171.jpg\" width=\"394\" height=\"225\" srcset=\"http:\/\/m-19.org\/blog\/wp-content\/uploads\/2013\/05\/Sancocho-nacional-m1-300x171.jpg 300w, http:\/\/m-19.org\/blog\/wp-content\/uploads\/2013\/05\/Sancocho-nacional-m1.jpg 512w\" sizes=\"(max-width: 394px) 100vw, 394px\" \/><\/a><span style=\"text-decoration: underline;\"><strong>Sancocho Nacional<\/strong><\/span><br \/>\n<strong>Ingredientes.<\/strong><br \/>\n3 kg de papa dignidad.<br \/>\n4 kg de carne de res nacional.<br \/>\n50 perniles de democracia<br \/>\n2 kg de yuca dominicana<br \/>\n1 kg de pl\u00e1tano Cant\u00f3n<br \/>\nunas ramitas de rebeld\u00eda<br \/>\nPaz al gusto<br \/>\n<strong><em>Ojo: revolver con una espada.<\/em><\/strong><\/p>\n<p><a href=\"http:\/\/m-19.org\/blog\/parte-de-paz-n-1-asalto-del-bullerengue\/memorias\/\" rel=\"attachment wp-att-17\"><img decoding=\"async\" loading=\"lazy\" class=\"size-medium wp-image-17 alignright\" alt=\"memorias\" src=\"http:\/\/m-19.org\/blog\/wp-content\/uploads\/2013\/05\/memorias-300x225.jpg\" width=\"300\" height=\"225\" srcset=\"http:\/\/m-19.org\/blog\/wp-content\/uploads\/2013\/05\/memorias-300x225.jpg 300w, http:\/\/m-19.org\/blog\/wp-content\/uploads\/2013\/05\/memorias.jpg 512w\" sizes=\"(max-width: 300px) 100vw, 300px\" \/><\/a> En las horas de la tarde, el operativo se centr\u00f3 en la recuperaci\u00f3n de la memoria: palmo a palmo se fue ocupando el terreno de la historia y de los hechos, con espada en mano, atravesando el t\u00fanel del tiempo, hilvanando recuerdos con el refuerzo de legendarios comandantes y an\u00f3nimos combatientes cuyas voces y relatos guiaron el avance de la operaci\u00f3n. Cada testimonio fue dejando huellas del acontecer de la organizaci\u00f3n desde su mito fundador, hasta culminar en el recinto de la Paz, pasando por distintos episodios acompa\u00f1ados de voces y recuerdos.<\/p>\n<p>Para rematar el d\u00eda y liberar la energ\u00eda acumulada se usaron t\u00e1cticas de diversi\u00f3n con danzas, poemas, cantores y baile. Pasada la medianoche, los integrantes del grupo y un comando de refuerzo rumbero terminaron ebrios de afectos, alegr\u00eda y vino.<\/p>\n<p><a href=\"http:\/\/m-19.org\/blog\/parte-de-paz-n-1-asalto-del-bullerengue\/rumba\/\" rel=\"attachment wp-att-18\"><img decoding=\"async\" loading=\"lazy\" class=\"alignnone size-medium wp-image-18\" alt=\"rumba\" src=\"http:\/\/m-19.org\/blog\/wp-content\/uploads\/2013\/05\/rumba-300x225.jpg\" width=\"288\" height=\"216\" srcset=\"http:\/\/m-19.org\/blog\/wp-content\/uploads\/2013\/05\/rumba-300x225.jpg 300w, http:\/\/m-19.org\/blog\/wp-content\/uploads\/2013\/05\/rumba.jpg 512w\" sizes=\"(max-width: 288px) 100vw, 288px\" \/><\/a> <a href=\"http:\/\/m-19.org\/blog\/parte-de-paz-n-1-asalto-del-bullerengue\/danzas\/\" rel=\"attachment wp-att-19\"><img decoding=\"async\" loading=\"lazy\" class=\"alignnone size-medium wp-image-19\" alt=\"Danzas\" src=\"http:\/\/m-19.org\/blog\/wp-content\/uploads\/2013\/05\/Danzas-300x215.jpg\" width=\"300\" height=\"215\" srcset=\"http:\/\/m-19.org\/blog\/wp-content\/uploads\/2013\/05\/Danzas-300x215.jpg 300w, http:\/\/m-19.org\/blog\/wp-content\/uploads\/2013\/05\/Danzas-1024x735.jpg 1024w, http:\/\/m-19.org\/blog\/wp-content\/uploads\/2013\/05\/Danzas-624x448.jpg 624w, http:\/\/m-19.org\/blog\/wp-content\/uploads\/2013\/05\/Danzas.jpg 1941w\" sizes=\"(max-width: 300px) 100vw, 300px\" \/><\/a><\/p>\n<p>Al d\u00eda siguiente, antes de emprender la retirada, uno de los veteranos del grupo, Carlos Vidales, present\u00f3 los diferentes <a href=\"http:\/\/m-19.org\/blog\/parte-de-paz-n-1-asalto-del-bullerengue\/bolivar-tu-espada_m\/\" rel=\"attachment wp-att-16\"><img decoding=\"async\" loading=\"lazy\" class=\"size-medium wp-image-16 alignleft\" alt=\"Bolivar-tu espada_m\" src=\"http:\/\/m-19.org\/blog\/wp-content\/uploads\/2013\/05\/Bolivar-tu-espada_m-300x193.jpg\" width=\"300\" height=\"193\" srcset=\"http:\/\/m-19.org\/blog\/wp-content\/uploads\/2013\/05\/Bolivar-tu-espada_m-300x193.jpg 300w, http:\/\/m-19.org\/blog\/wp-content\/uploads\/2013\/05\/Bolivar-tu-espada_m.jpg 450w\" sizes=\"(max-width: 300px) 100vw, 300px\" \/><\/a>rostros de Bol\u00edvar y, de ellos, destac\u00f3 ese que hab\u00eda recuperado el M19 para la construcci\u00f3n de su identidad: un Bol\u00edvar humano capaz de reconocer sus errores para avanzar.<br \/>\nLa operaci\u00f3n fue exitosa. No hubo ni heridos ni descoloridos. Reforzado, el grupo anuncio pr\u00f3ximas acciones de recuperaci\u00f3n de la memoria y multiplicaci\u00f3n de los afectos.<br \/>\nPar\u00eds, Abril 2013.<\/p>\n<p style=\"text-align: center;\"><span style=\"text-decoration: underline;\"><strong>AGRADECIMIENTOS<\/strong> <\/span><\/p>\n<p style=\"text-align: center;\"><strong><a title=\"Centro de documentacion y de cultura para la paz\" href=\"http:\/\/pensamientoculturaypaz.org\/\">Centro de documentaci\u00f3n y de cultura para la paz<\/a>, En un Abril y cerrar de ojos,<br \/>\n<a title=\"Oiga hermano, hermana\" href=\"http:\/\/oigaherman.over-blog.es\/\">Oiga Hermano<\/a>, Caf\u00e9 Pizarro, Calentura Negra, cantantes CamEdu, Juanita.<\/strong><\/p>\n<p style=\"text-align: center;\"><strong>Colaboracion:<\/strong> Arjaid, Nina, Hip\u00f3lito,Gustavo, Laure y Leslie, Jair, Carlos, Carmen Lidia,\u00a0 Maria, Andres.<br \/>\n<strong>Testimonios:<\/strong> Argemiro, Vera, Mar\u00eda Eugenia, Lupe, Fernando, Lucio, Jorge, Alexandra, Nacho, Erik, Dar\u00edo,Daniel, Ligia, Hernando<\/p>\n<p style=\"text-align: center;\"><strong>A los Hijos.<\/strong><\/p>\n<p style=\"text-align: center;\"><strong>A todos los participantes en el operativo.<\/strong><\/p>\n<p style=\"text-align: center;\"><strong>Este encuentro fue fundamentalmente un homenaje a todos las mujeres y hombres que vivieron y murieron por estos sue\u00f1os de libertad, de paz y dignidad.<\/strong><\/p>\n","protected":false},"excerpt":{"rendered":"<p>Un grupo de padres, hijos y nietos, afines al movimiento 19 de abril M-19, perpetr\u00f3 el pasado 27 y 28 de abril, en las instalaciones de una escuela a las afueras de Par\u00eds, el \u201casalto del bullerengue\u201d. Llegaron cargados de videos, grabaciones, fotografias, recortes de peri\u00f3dicos viejos, pancartas, banderas, bombas de colores y otros vestigios [&hellip;]<\/p>\n","protected":false},"author":1,"featured_media":0,"comment_status":"closed","ping_status":"closed","sticky":true,"template":"","format":"standard","meta":[],"categories":[2,9],"tags":[],"_links":{"self":[{"href":"http:\/\/m-19.org\/blog\/wp-json\/wp\/v2\/posts\/4"}],"collection":[{"href":"http:\/\/m-19.org\/blog\/wp-json\/wp\/v2\/posts"}],"about":[{"href":"http:\/\/m-19.org\/blog\/wp-json\/wp\/v2\/types\/post"}],"author":[{"embeddable":true,"href":"http:\/\/m-19.org\/blog\/wp-json\/wp\/v2\/users\/1"}],"replies":[{"embeddable":true,"href":"http:\/\/m-19.org\/blog\/wp-json\/wp\/v2\/comments?post=4"}],"version-history":[{"count":16,"href":"http:\/\/m-19.org\/blog\/wp-json\/wp\/v2\/posts\/4\/revisions"}],"predecessor-version":[{"id":25,"href":"http:\/\/m-19.org\/blog\/wp-json\/wp\/v2\/posts\/4\/revisions\/25"}],"wp:attachment":[{"href":"http:\/\/m-19.org\/blog\/wp-json\/wp\/v2\/media?parent=4"}],"wp:term":[{"taxonomy":"category","embeddable":true,"href":"http:\/\/m-19.org\/blog\/wp-json\/wp\/v2\/categories?post=4"},{"taxonomy":"post_tag","embeddable":true,"href":"http:\/\/m-19.org\/blog\/wp-json\/wp\/v2\/tags?post=4"}],"curies":[{"name":"wp","href":"https:\/\/api.w.org\/{rel}","templated":true}]}}