{"id":70,"date":"2014-10-11T22:42:26","date_gmt":"2014-10-11T20:42:26","guid":{"rendered":"http:\/\/m-19.org\/blog\/?p=70"},"modified":"2015-06-01T10:11:23","modified_gmt":"2015-06-01T08:11:23","slug":"asamblea-2014-memorias","status":"publish","type":"post","link":"http:\/\/m-19.org\/blog\/asamblea-2014-memorias\/","title":{"rendered":"ASAMBLEA 2014 &#8211; Memorias"},"content":{"rendered":"<p class=\"western\" align=\"center\"><span style=\"color: #000080;\"><span lang=\"zxx\"><span style=\"text-decoration: underline;\"><a href=\"https:\/\/vimeo.com\/108643357\"><span style=\"font-size: large;\"><span lang=\"es-ES\"><b>Memorias de una Asamblea<\/b><\/span><\/span><\/a><\/span><\/span><\/span><\/p>\n<p class=\"western\" align=\"justify\"><span style=\"color: #222222;\"><span style=\"font-size: small;\"><span lang=\"es-ES\">Con la idea de unir esfuerzos para continuar coordinando ideas y enlazando actividades que permitan reconstituir la memoria de los \u00ab sue\u00f1os de abril \u00bb, los sastres y modistas fundadores de \u00ab\u00a0<\/span><\/span><\/span><span style=\"color: #222222;\"><span style=\"font-size: small;\"><span lang=\"es-ES\"><i><b>Hilvanando la Memoria<\/b><\/i><\/span><\/span><\/span><span style=\"color: #222222;\"><span style=\"font-size: small;\"><span lang=\"es-ES\">\u00a0\u00bb citaron el 5 de octubre 2014, en la \u00ab\u00a0Maison des Combattants\u00a0\u00bb de Gentilly, a un grupo de amigos con quienes, de una u otra forma, comparten ese pasado com\u00fan que, desde hace un tiempo, los hilvanadores intentan coser con puntadas largas. <\/span><\/span><\/span><\/p>\n<p class=\"western\" align=\"justify\"><span style=\"font-size: small;\"><span lang=\"es-ES\">Llegaron a la cita las hermanas Vivas, Nydia y Yolanda; las hermanas Asser\u00edas, Elvira y Yalila; Valeria Fayad con sus peque\u00f1os, Sebasti\u00e1n y Luc\u00eda; Karim Velasco, Juan Sebasti\u00e1n Rojas, Sol Camacho, Catalina Sosa, Leila Asser\u00edas, \u00c1ngela Navarro, Gustavo Guzm\u00e1n, Manuel Pesca, Marcos Velandia, Hernando Franco, Bernard Thierry y Maria Helena Erazo.<\/span><\/span><\/p>\n<p class=\"western\" align=\"justify\"><span style=\"font-size: small;\"><span lang=\"es-ES\"><span style=\"text-decoration: underline;\"><b>Historia de la primera puntada : \u00ab El Asalto del Bullerengue \u00bb <\/b><\/span><\/span><\/span><\/p>\n<p class=\"western\"><span style=\"font-size: small;\"><span lang=\"es-ES\">En esa labor permanente de rebobinar la historia -la del M-19 y la suya propia- <\/span><\/span><span style=\"font-size: small;\"><span lang=\"es-ES\"><i><b>\u00ab Hilvanando la Memoria \u00bb <\/b><\/i><\/span><\/span><span style=\"font-size: small;\"><span lang=\"es-ES\">hizo en la asamblea un recuento de su or\u00edgenes. Se habl\u00f3 entonces de la primera reuni\u00f3n, llevada a cabo el 22 de diciembre del a\u00f1o 2012, en la que se prendi\u00f3 con alfileres el molde de lo que con el tiempo se ha ido convirtiendo en un tejido de historias entrelazadas con los hilos de los recuerdos.<\/span><\/span><\/p>\n<p class=\"western\"><span style=\"font-size: small;\"><span lang=\"es-ES\">La primera puntada de ese hilvanar de la memoria fue el \u00ab Asalto del Bullerengue \u00bb. Una acci\u00f3n perpetrada el 27 y 28 de abril del 2013 en un escuela de las afueras de Paris por padres, hijos y nietos afines al Movimiento M-19. Los hilvanadores presentaron ante la asamblea dos videos que dan testimonio de lo que fue esa marat\u00f3n memoriosa y memorable.<\/span><\/span><\/p>\n<p class=\"western\"><span style=\"color: #000080;\"><span lang=\"zxx\"><span style=\"text-decoration: underline;\"><a href=\"https:\/\/vimeo.com\/108643358\"><span style=\"font-size: small;\"><span lang=\"es-ES\">Memoria de un Asalto<\/span><\/span><\/a><\/span><\/span><\/span><span style=\"font-size: small;\"><span lang=\"es-ES\"> video de Gisela Restrepo<\/span><\/span><\/p>\n<p class=\"western\"><span style=\"color: #000080;\"><span lang=\"zxx\"><span style=\"text-decoration: underline;\"><a href=\"https:\/\/vimeo.com\/108659639\"><span style=\"font-size: small;\"><span lang=\"es-ES\">Intervenciones memorables<\/span><\/span><\/a><\/span><\/span><\/span><span style=\"font-size: small;\"><span lang=\"es-ES\"> video de Nicol\u00e1s Quimbayo <\/span><\/span><\/p>\n<p class=\"western\"><span style=\"font-size: small;\"><span lang=\"es-ES\"><span style=\"text-decoration: underline;\"><b>De puntada en puntada <\/b><\/span><\/span><\/span><\/p>\n<p class=\"western\" align=\"justify\"><span style=\"font-size: small;\"><span lang=\"es-ES\"><b>\u00bf<\/b><\/span><\/span><span style=\"font-size: small;\"><span lang=\"es-ES\"><b>Qu\u00e9 somos?<\/b><\/span><\/span><span style=\"font-size: small;\"><span lang=\"es-ES\"> El \u00ab Asalto del Bullerengue \u00bb desat\u00f3 entre quienes lo idearon una necesidad de seguir atando las puntas sueltas de ese entramado de acciones y de afectos que dieron vida al Movimiento 19 de abril (M-19). Fue as\u00ed como surgi\u00f3 un colectivo que se constituy\u00f3 en asociaci\u00f3n 1901 bajo el nombre de \u00ab <\/span><\/span><span style=\"font-size: small;\"><span lang=\"es-ES\"><i><b>Hilvanando la Memoria \u00bb. <\/b><\/i><\/span><\/span><span style=\"font-size: small;\"><span lang=\"es-ES\">En la asamblea, los hilvanadores detallaron en qu\u00e9 consiste su quehacer: \u00ab darle vida a los recuerdos, desempolvar los testimonios, rescatar de los cajones del olvido rastros de esas peque\u00f1as historias del eMe que, sin duda, marcaron el rumbo de la Historia del pa\u00eds. Ese hilvanar es un ejercicio de existencia y su resultado ser\u00e1 un legado para nuestros hijos y los hijos de nuestros hijos \u00bb explicaron.<\/span><\/span><\/p>\n<p class=\"western\"><span style=\"font-size: small;\"><span lang=\"es-ES\"><b>\u00bf<\/b><\/span><\/span><span style=\"font-size: small;\"><span lang=\"es-ES\"><b>Qui\u00e9nes somos? <\/b><\/span><\/span><span style=\"font-size: small;\"><span lang=\"es-ES\">Los hilvanadores son ante todo<\/span><\/span><b> <\/b><span style=\"font-size: small;\"><span lang=\"es-ES\">un grupo de personas<\/span><\/span><b> <\/b><span style=\"font-size: small;\"><span lang=\"es-ES\">unidas por el afecto y un pasado com\u00fan que hace posible su presente. Pero el haberse constituido en Asociaci\u00f3n <\/span><\/span><span style=\"font-size: small;\"><span lang=\"es-ES\"><i><b>\u00abHilvanando la memoria\u00bb <\/b><\/i><\/span><\/span><span style=\"font-size: small;\"><span lang=\"es-ES\">los condujo a asumir funciones. Y como tal se presentaron ante la asamblea :<\/span><\/span><\/p>\n<p class=\"western\"><span style=\"font-size: small;\"><span lang=\"es-ES\"><b>Junta directiva<\/b><\/span><\/span><\/p>\n<p class=\"western\"><span style=\"font-size: small;\"><span lang=\"es-ES\">Rodrigo Restrepo ( presidente ), Ang\u00e9lica P\u00e9rez P\u00e9rez ( secretaria), Rafael Posada ( tesorero ).<\/span><\/span><\/p>\n<p class=\"western\"><span style=\"font-size: small;\"><span lang=\"es-ES\"><b>Consejo de administracion :<\/b><\/span><\/span><\/p>\n<p class=\"western\"><span style=\"font-size: small;\"><span lang=\"es-ES\">Ligia V\u00e1squez, Luz Ayda Trivi\u00f1o, Cristina Cruz, Mercedes Enciso, Gisela Restrepo, Nicol\u00e1s Quimbayo.<\/span><\/span><\/p>\n<p class=\"western\"><span style=\"font-size: small;\"><span lang=\"es-ES\"><b>\u00bf<\/b><\/span><\/span><span style=\"font-size: small;\"><span lang=\"es-ES\"><b>Qu\u00e9 hemos hecho? <\/b><\/span><\/span><span style=\"font-size: small;\"><span lang=\"es-ES\">Adem\u00e1s de hilvanar la memoria del M-19, la Asociaci\u00f3n ha apoyado y participado en actividades como la realizaci\u00f3n en Paris del Festival de Cuentos en Espa\u00f1ol \u00ab de boca en boca \u00bb y la \u00ab Conferencia sobre la situaci\u00f3n de los presos pol\u00edticos en Colombia \u00bb. En la asamblea se dieron detalles sobre esas acciones.<\/span><\/span><\/p>\n<p class=\"western\"><span style=\"font-size: small;\"><span lang=\"es-ES\"><span style=\"text-decoration: underline;\"><b>Agujas e hilos <\/b><\/span><\/span><\/span><\/p>\n<p class=\"western\"><span style=\"font-size: small;\"><span lang=\"es-ES\">Sin lugar a dudas, el trabajo de <\/span><\/span><span style=\"font-size: small;\"><span lang=\"es-ES\"><i><b>\u00ab Hilvanando la memoria \u00bb<\/b><\/i><\/span><\/span><span style=\"font-size: small;\"><span lang=\"es-ES\"> ha sido posible gracias al apoyo de otros hilvanadores que, lejos de Paris, tambi\u00e9n se dedican a recopilar y dar a conocer la memoria del M-19. En la asamblea se present\u00f3 su minuciosa y dedicada labor que ha servido de aguja e hilo a la Asociaci\u00f3n.<\/span><\/span><\/p>\n<p class=\"western\"><span style=\"color: #000080;\"><span lang=\"zxx\"><span style=\"text-decoration: underline;\"><a href=\"http:\/\/pensamientoculturaypaz.org\/\"><span style=\"font-size: small;\"><span lang=\"es-ES\">Centro de Documentaci\u00f3n y Cultura para la Paz<\/span><\/span><\/a><\/span><\/span><\/span> <span style=\"font-size: small;\"><span lang=\"es-ES\">: dirigido por el dirigente y fundador del M-19, Arjaid Artunduaga, esta instituci\u00f3n se dedica desde hace varios a\u00f1os a recoger y ensamblar documentos, archivos de prensa y material audiovisual sobre la historia de Movimiento 19 de Abril desde su creaci\u00f3n hasta su desmovilizaci\u00f3n y, consecuente, constituci\u00f3n en partido pol\u00edtico.<\/span><\/span><\/p>\n<p class=\"western\"><span style=\"font-size: small;\"><span lang=\"es-ES\">Uno de los trabajos mas valiosos del Centro y que mayor aporte ha brindado a la labor de la Asociaci\u00f3n, es un compendio de 19 videos con material audiovisual titulado \u00ab <\/span><\/span><span style=\"color: #000080;\"><span lang=\"zxx\"><span style=\"text-decoration: underline;\"><a href=\"https:\/\/vimeo.com\/108659640\"><span style=\"font-size: small;\"><span lang=\"es-ES\">Memoria Pol\u00edtica del M-19<\/span><\/span><\/a><\/span><\/span><\/span><span style=\"font-size: small;\"><span lang=\"es-ES\"> \u00bb. De estos centenares de horas, <\/span><\/span><span style=\"font-size: small;\"><span lang=\"es-ES\"><i><b>\u00ab Hilvanando la memoria \u00bb<\/b><\/i><\/span><\/span><span style=\"font-size: small;\"><span lang=\"es-ES\"> hizo un resumen de 60 minutos que present\u00f3 a la asamblea.<\/span><\/span><\/p>\n<p class=\"western\" align=\"justify\"><span style=\"font-size: small;\"><span lang=\"es-ES\">* <\/span><\/span><span style=\"font-size: small;\"><span lang=\"es-ES\"><span style=\"text-decoration: underline;\">Blog \u201c<\/span><\/span><\/span><span style=\"color: #000080;\"><span lang=\"zxx\"><span style=\"text-decoration: underline;\"><a href=\"http:\/\/www.oigahermanohermana.org\/\"><span style=\"font-size: small;\"><span lang=\"es-ES\">Oiga Hermano<\/span><\/span><\/a><\/span><\/span><\/span><span style=\"font-size: small;\"><span lang=\"es-ES\"><span style=\"text-decoration: underline;\">\u201d:<\/span><\/span><\/span><span style=\"font-size: small;\"><span lang=\"es-ES\"> Venido desde Espa\u00f1a especialmente para la asamblea, Gustavo Guzm\u00e1n, otro ex combatiente del M-19, present\u00f3 ese infatigable trabajo que lleva a cabo en su blog \u00abOiga Hermano \u00bb con diferentes publicaciones relacionadas con el eMe de antes y de despu\u00e9s. Otra aguja y otro hilo que ayuda a los hilvanadores en su labor. <\/span><\/span><\/p>\n<p class=\"western\"><span style=\"font-size: small;\"><span lang=\"es-ES\"><b>Futuras puntadas<\/b><\/span><\/span><\/p>\n<p class=\"western\" align=\"justify\"><span style=\"font-size: small;\"><span lang=\"es-ES\"><span style=\"text-decoration: underline;\">Siguiendo el hilo de la historia : <\/span><\/span><\/span><span style=\"font-size: small;\"><span lang=\"es-ES\">En un intento por explicar las particularidades de la guerra y la paz en Colombia \u2013 y con ello la existencia misma del M-19- la Asociaci\u00f3n ha ideado una serie de charlas que arrancar\u00e1n con el\u00ab Conversatorio con Carlos Vidales \u00bb en el que el historiador y escritor <\/span><\/span><span style=\"color: #00000a;\"><span style=\"font-size: small;\"><span lang=\"es-ES\">nos adentra por los vericuetos del poder por los que transita la fracasada empresa revolucionaria del Precursor Francisco de Miranda, el \u00fanico latinoamericano cuyo nombre aparece entre los h\u00e9roes de la Revoluci\u00f3n Francesa registrados en el Arco del Triunfo. La asamblea fue cordialmente invitada a asistir.<\/span><\/span><\/span><\/p>\n<p class=\"western\"><span style=\"font-size: small;\"><span lang=\"es-ES\"><span style=\"text-decoration: underline;\">Abril puntadas mil:<\/span><\/span><\/span><span style=\"font-size: small;\"><span lang=\"es-ES\"> Para seguir hilvanando los sue\u00f1os de abril, la asociaci\u00f3n ha planeado dos eventos durante ese mes en el a\u00f1o 2015. Nuevamente apoyar\u00e1 la realizaci\u00f3n en Chatillon del Festival de Cuentos en espa\u00f1ol \u00ab de boca en boca \u00bb y llevar\u00e1 a cabo el Segundo Asalto \u2013a\u00fan no se sabe a qu\u00e9 ritmo- los d\u00edas 25 y 26, en conmemoraci\u00f3n a los 25 a\u00f1os de la dejaci\u00f3n de armas del M-19 y para rendir homenaje a su l\u00edder Carlos Pizarro, asesinado en esa fecha, 40 d\u00edas despu\u00e9s de la desmovilizaci\u00f3n de la guerrilla.<\/span><\/span><\/p>\n<p class=\"western\"><span style=\"font-size: small;\"><span lang=\"es-ES\"><span style=\"text-decoration: underline;\"><b>Deshilvanando <\/b><\/span><\/span><\/span><\/p>\n<p class=\"western\"><span style=\"font-size: small;\"><span lang=\"es-ES\">La Junta directiva renunci\u00f3 en pleno y dej\u00f3 abierta la posibilidad de reelecci\u00f3n de sus miembros en los cargos que ocupaban. <\/span><\/span><\/p>\n<p class=\"western\"><span style=\"font-size: small;\"><span lang=\"es-ES\"><span style=\"text-decoration: underline;\"><b>Puntada con dedal <\/b><\/span><\/span><\/span><\/p>\n<p class=\"western\"><span style=\"font-size: small;\"><span lang=\"es-ES\">Los presentes en la asamblea fueron invitados a adherir como miembros de la Asociaci\u00f3n <\/span><\/span><span style=\"font-size: small;\"><span lang=\"es-ES\"><i><b>\u00ab Hilvanando la memoria \u00bb<\/b><\/i><\/span><\/span><b> <\/b><span style=\"font-size: small;\"><span lang=\"es-ES\">sin fijar un monto fijo para dicha adhesi\u00f3n. Como resultado, hay once nuevos hilvanadores.<\/span><\/span><\/p>\n<p class=\"western\"><span style=\"font-size: small;\"><span lang=\"es-ES\">Se someti\u00f3 la asamblea a votaci\u00f3n. La Junta fue reelegida.<\/span><\/span><\/p>\n<p class=\"western\"><span style=\"font-size: small;\"><span lang=\"es-ES\"><span style=\"text-decoration: underline;\"><b>Empanadas, vino y abrazos<\/b><\/span><\/span><\/span><\/p>\n<p class=\"western\"><span style=\"font-size: small;\"><span lang=\"es-ES\">El encuentro en la \u201cMaison des Combattants\u201d termin\u00f3 entre m\u00fasica, empanadas, vino, risas y abrazos. Una tarde memorable !<\/span><\/span><\/p>\n<p class=\"western\"><span style=\"font-size: small;\"><span lang=\"es-ES\">Agradecimiento especial a los ni\u00f1os, Canela, Luc\u00eda y Sebasti\u00e1n por su paciencia y buena onda.<\/span><\/span><\/p>\n<p class=\"western\"><span style=\"font-size: small;\"><span lang=\"es-ES\">Enlaces<\/span><\/span><\/p>\n<p class=\"western\"><span style=\"color: #000080;\"><span lang=\"zxx\"><span style=\"text-decoration: underline;\"><a href=\"https:\/\/vimeo.com\/108643358\"><span style=\"font-size: small;\"><span lang=\"es-ES\">Memoria de un Asalto<\/span><\/span><\/a><\/span><\/span><\/span><span style=\"font-size: small;\"><span lang=\"es-ES\"> video de Gisela Restrepo<\/span><\/span><\/p>\n<p class=\"western\"><span style=\"color: #000080;\"><span lang=\"zxx\"><span style=\"text-decoration: underline;\"><a href=\"https:\/\/vimeo.com\/108659639\"><span style=\"font-size: small;\"><span lang=\"es-ES\">Intervenciones memorables<\/span><\/span><\/a><\/span><\/span><\/span><span style=\"font-size: small;\"><span lang=\"es-ES\"> video de Nicol\u00e1s Quimbayo <\/span><\/span><\/p>\n<p class=\"western\"><span style=\"color: #000080;\"><span lang=\"zxx\"><span style=\"text-decoration: underline;\"><a href=\"https:\/\/vimeo.com\/108643356\"><span style=\"font-family: Tahoma,serif;\"><span style=\"font-size: small;\"><span lang=\"es-ES\">Descubriendo Abriles<\/span><\/span><\/span><\/a><\/span><\/span><\/span> <span style=\"font-family: Tahoma,serif;\"><span style=\"font-size: small;\"><span lang=\"es-ES\">video de Gisela Restrepo<\/span><\/span><\/span><\/p>\n<p class=\"western\"><a href=\"https:\/\/vimeo.com\/108659640\"><span style=\"color: #000080;\"><span lang=\"zxx\"><span style=\"text-decoration: underline;\"><span style=\"font-family: Tahoma,serif;\"><span style=\"font-size: small;\"><span lang=\"es-ES\">Mem<\/span><\/span><\/span><\/span><\/span><\/span><span style=\"color: #000080;\"><span lang=\"zxx\"><span style=\"text-decoration: underline;\"><span style=\"font-family: Tahoma,serif;\"><span style=\"font-size: small;\"><span lang=\"es-ES\">\u00f3<\/span><\/span><\/span><\/span><\/span><\/span><span style=\"color: #000080;\"><span lang=\"zxx\"><span style=\"text-decoration: underline;\"><span style=\"font-family: Tahoma,serif;\"><span style=\"font-size: small;\"><span lang=\"es-ES\">ria pol<\/span><\/span><\/span><\/span><\/span><\/span><span style=\"color: #000080;\"><span lang=\"zxx\"><span style=\"text-decoration: underline;\"><span style=\"font-family: Tahoma,serif;\"><span style=\"font-size: small;\"><span lang=\"es-ES\">\u00ed<\/span><\/span><\/span><\/span><\/span><\/span><span style=\"color: #000080;\"><span lang=\"zxx\"><span style=\"text-decoration: underline;\"><span style=\"font-family: Tahoma,serif;\"><span style=\"font-size: small;\"><span lang=\"es-ES\">tica del M-19<\/span><\/span><\/span><\/span><\/span><\/span><\/a><span style=\"font-family: Tahoma,serif;\"><span style=\"font-size: small;\"><span lang=\"es-ES\"> Resumen de presentaci<\/span><\/span><\/span><span style=\"font-family: Tahoma,serif;\"><span style=\"font-size: small;\"><span lang=\"es-ES\">\u00f3<\/span><\/span><\/span><span style=\"font-family: Tahoma,serif;\"><span style=\"font-size: small;\"><span lang=\"es-ES\">n 19 DVDs (Ang\u00e9lica Perez Perez) <\/span><\/span><\/span><\/p>\n<p class=\"western\"><span style=\"color: #000080;\"><span lang=\"zxx\"><span style=\"text-decoration: underline;\"><a href=\"http:\/\/m-19.org\/gallery\/index.php\/AG-2014\"><span style=\"font-family: Tahoma,serif;\"><span style=\"font-size: small;\"><span lang=\"es-ES\">Fotos asamblea Hilvanando la memoria 2014<\/span><\/span><\/span><\/a><\/span><\/span><\/span><\/p>\n<p class=\"western\" align=\"justify\"><span style=\"color: #000080;\"><span lang=\"zxx\"><span style=\"text-decoration: underline;\"><a href=\"http:\/\/m-19.org\/blog\/\"><span style=\"color: #00000a;\"><span style=\"font-size: small;\"><span lang=\"es-ES\">Blog Hilvanando la memoria<\/span><\/span><\/span><\/a><\/span><\/span><\/span><\/p>\n","protected":false},"excerpt":{"rendered":"<p>Memorias de una Asamblea Con la idea de unir esfuerzos para continuar coordinando ideas y enlazando actividades que permitan reconstituir la memoria de los \u00ab sue\u00f1os de abril \u00bb, los sastres y modistas fundadores de \u00ab\u00a0Hilvanando la Memoria\u00a0\u00bb citaron el 5 de octubre 2014, en la \u00ab\u00a0Maison des Combattants\u00a0\u00bb de Gentilly, a un grupo de [&hellip;]<\/p>\n","protected":false},"author":1,"featured_media":0,"comment_status":"closed","ping_status":"closed","sticky":true,"template":"","format":"standard","meta":[],"categories":[2,9],"tags":[],"_links":{"self":[{"href":"http:\/\/m-19.org\/blog\/wp-json\/wp\/v2\/posts\/70"}],"collection":[{"href":"http:\/\/m-19.org\/blog\/wp-json\/wp\/v2\/posts"}],"about":[{"href":"http:\/\/m-19.org\/blog\/wp-json\/wp\/v2\/types\/post"}],"author":[{"embeddable":true,"href":"http:\/\/m-19.org\/blog\/wp-json\/wp\/v2\/users\/1"}],"replies":[{"embeddable":true,"href":"http:\/\/m-19.org\/blog\/wp-json\/wp\/v2\/comments?post=70"}],"version-history":[{"count":4,"href":"http:\/\/m-19.org\/blog\/wp-json\/wp\/v2\/posts\/70\/revisions"}],"predecessor-version":[{"id":76,"href":"http:\/\/m-19.org\/blog\/wp-json\/wp\/v2\/posts\/70\/revisions\/76"}],"wp:attachment":[{"href":"http:\/\/m-19.org\/blog\/wp-json\/wp\/v2\/media?parent=70"}],"wp:term":[{"taxonomy":"category","embeddable":true,"href":"http:\/\/m-19.org\/blog\/wp-json\/wp\/v2\/categories?post=70"},{"taxonomy":"post_tag","embeddable":true,"href":"http:\/\/m-19.org\/blog\/wp-json\/wp\/v2\/tags?post=70"}],"curies":[{"name":"wp","href":"https:\/\/api.w.org\/{rel}","templated":true}]}}